{"id":887,"date":"2025-05-18T13:48:04","date_gmt":"2025-05-18T17:48:04","guid":{"rendered":"https:\/\/psicoterapiaentusmanos.com\/?p=887"},"modified":"2025-10-02T13:17:19","modified_gmt":"2025-10-02T17:17:19","slug":"descubre-el-origen-de-la-discapacidad","status":"publish","type":"post","link":"https:\/\/psicoterapiaentusmanos.com\/en\/descubre-el-origen-de-la-discapacidad\/","title":{"rendered":"Descubre el origen de la Discapacidad"},"content":{"rendered":"<p> La discapacidad es tan antigua como el cuerpo humano. En la antig\u00fcedad la fuerza f\u00edsica era fundamental para la vida del ser humano por las mismas condiciones de existencia, una persona con limitaci\u00f3n f\u00edsica era considerada pose\u00edda oinservible, y se la abandonaba a su suerte.<\/p>\n\n\n\n<p>Los arque\u00f3logos documentaron desde el hombre deNeandertal los hallazgos de esqueletos que ten\u00edan sus miembros amputados; al estudio de los huesos humanos se suman los descubrimientos de instrumentos pertenecientes a personas con discapacidad en el antiguo Egipto, demostrando que siempre han existido personas discapacitadas. <\/p>\n\n\n\n<p>Hay pruebas encontradas en miles de a\u00f1osde historia en los distintos continentes, lo que evidencia la incidencia de la deficiencia f\u00edsica como algo com\u00fan entre nuestros antepasados. <\/p>\n\n\n\n<p>Durante siglos recibieron un trato inhumano. En algunas sociedades se las eliminaba por in\u00fatiles y en otras subsist\u00edan con la mendicidad. Se ejerc\u00eda el infanticidio para los deformes de nacimiento, y se abandonaba a las personas adultas con discapacidad f\u00edsica y mental. <\/p>\n\n\n\n<p>Cada cultura ten\u00eda su manera de percibir y considerar a las personas con discapacidad. En Asia se las abandonaba en el desierto y los bosques. <\/p>\n\n\n\n<p>En la India se las dejaba en la selva o se las echaba en un lugar llamado Sagrado Ganges (r\u00edo Ganges).<\/p>\n\n\n\n<p>En Egipto tambi\u00e9n las abandonaban. Los hebreos daban un trato diferente a las personas con deficiencias y participaban en lo religioso.<\/p>\n\n\n\n<p>El Juda\u00edsmo precursor del cristianismo elev\u00f3 la dignidad de la persona humana, y consideraba un deber atender a las personas con discapacidad. <\/p>\n\n\n\n<p>Las tradiciones religiosas jud\u00eda y cristiana manten\u00edanalgunas caracter\u00edsticas basadas en principios y valores de la cultura greco-romana. <\/p>\n\n\n\n<p>La cultura jud\u00eda del mundo antiguo, influida por la sociedad griega (Alejandro Magno, siglo IV a C.), entend\u00eda las discapacidades \u00abcomo algo imp\u00edo por haberobrado mal\u00bb, pero se diferenciaba de las otras religiones de la \u00e9poca, en que prohib\u00eda el infanticidio; esto influy\u00f3 luego en el Cristianismo y el Islam. <\/p>\n\n\n\n<p>Su costumbre era \u00abcuidar\u00bb de los \u00abenfermos\u00bb y de los \u00abmenos afortunados\u00bb mediante la limosna y el \u00abcuidado directo\u00bbHay grupos abor\u00edgenes, los dalegura enAustralia y los palute en Am\u00e9rica, donde el infanticidio est\u00e1 prohibido, la edad es un signo de autoridad y de respeto, y no abandonan a las personas con discapacidad.<\/p>\n\n\n\n<p>Las sociedades que presentan fuertes creencias religiosas consideran a la deficiencia de diferente maneras, como castigo divino, resultado de la brujer\u00eda, o que poseen un talento excepcional y son tocadas por Dios.<\/p>\n\n\n\n<p>La sociedad romana, eran como los griegos partidarios del infanticidio para aquellos ni\u00f1os \u00abenfermizos\u00bb o \u00abd\u00e9biles\u00bb, que eran echados al r\u00edo T\u00edber en Roma. <\/p>\n\n\n\n<p>Cuando las deficiencias no eran visibles al nacer y se evidenciaban m\u00e1s tarde con el desarrollo del ni\u00f1o, \u00e9ste pasaba a ser objetode un trato severo.<\/p>\n\n\n\n<p>Los romanos desarrollaron trata-mientos de base \u00abcient\u00edfica\u00bb para las personas con deficiencias adquiridas. <\/p>\n\n\n\n<p>Arist\u00f3teles estudi\u00f3 la sordera;Galeno e Hip\u00f3crates intentaron curar la epilepsia que consideraban un problema psicol\u00f3gico m\u00e1s que metaf\u00edsico. Los romanos desarrollaron la hidroterapia y tratamientos de mantenimiento f\u00edsico para las deficiencias ADQUIRIDAS.<\/p>\n\n\n\n<p>Con Jes\u00fas cambia la suerte de las personas condiscapacidad: sordos, ciegos, paral\u00edticos, locos, leprosos, etc. Los primeros Padres de la Iglesia condenan el infanticidio, que a\u00fan se practicaba usualmente durante el Imperio romano. <\/p>\n\n\n\n<p>En la Edad Media se consideraba a la discapacidad como un castigo de Dios. La sociedad no ten\u00eda responsabilidad con las personas discapacitadas y se las persegu\u00eda y mataba. En la literatura y elarte medieval. <\/p>\n\n\n\n<p>Las personas con insuficiencias eran tambi\u00e9n objeto de la diversi\u00f3n y el rid\u00edculo durante este per\u00edodo.El siglo XVIII fue testigo de una intensificaci\u00f3n  de la \u00abEdad de la Raz\u00f3n\u00bb, donde se legitiman los mitos y las pr\u00e1cticas que ya estaban bien arraigados desde los tiempos antiguos<\/p>\n\n\n\n<p>En el siglo XIX aparece la caracter\u00edstica de ladiscapacidad en su forma actual, se incluye laindividualizaci\u00f3n y la medicalizaci\u00f3n del cuerpo, la exclusi\u00f3n sistem\u00e1tica de las personas con discapacidad de la vida comunitaria y, el surgimiento del darwinismo social, el movimiento eugen\u00e9sico, la reificaci\u00f3n \u00abcient\u00edfica\u00bb delantiguo mito del \u00abcuerpo perfecto\u00bb, proclama que las personas con cualquier tipo de imperfecci\u00f3n f\u00edsica o intelectual constituyen una seria amenaza para la sociedad occidental. <\/p>\n\n\n\n<p>Desde la perspectiva sociohist\u00f3rica es relevante pel mito del \u00abcuerpo perfecto\u00bb en interacci\u00f3n con las condiciones sociales, econ\u00f3micas, pol\u00edticas, ideol\u00f3gicas y culturales que sustentan y explican la opresi\u00f3n social de la discapacidad. \u00abEl prejuicio, en todas sus formas, no es una consecuencia de la condici\u00f3n humana, sino el producto de una determinada forma de desarrollo social.<\/p>\n\n\n\n<p>Los problemas de la discapacidad son sociales m\u00e1s que individuales y de que emanan de la opresi\u00f3n que ejerce la sociedad m\u00e1s que de las limitaciones de los individuos, constituye una parte del proceso de desarrollo de una comprensi\u00f3n adecuada de las respuestas sociales a la discapacidad. <\/p>\n\n\n\n<p>Sin embargo, en los esfuerzos por comprender la hegemon\u00eda de la discapacidad, es fundamental entender c\u00f3mo se interconecta la individualizaci\u00f3n de la discapacidad en los niveles de la sociedad, la pol\u00edtica, la pr\u00e1ctica y la experiencia personal.<\/p>\n\n\n\n<p>La OMS reconoce la importancia de la participaci\u00f3nplena de personas con discapacidades y de susorganizaciones en la revisi\u00f3n de una clasificaci\u00f3n del funcionamiento y la discapacidad.  <\/p>\n\n\n\n<hr class=\"wp-block-separator has-alpha-channel-opacity\"\/>\n\n\n\n<p>Derechos de Autor \u00a9 2025 Psicoterapia en tus Manos.<\/p>\n\n\n\n<p>Todos los derechos reservados.<\/p>\n\n\n\n<p><\/p>\n\n\n\n<p>Queda prohibida la reproducci\u00f3n total o parcial de este contenido sin el permiso expreso y por escrito de los titulares de los derechos.<\/p>\n\n\n\n<p>Los contenidos, art\u00edculos, textos, im\u00e1genes y cualquier otro material publicado en este sitio son propiedad de Psicoterapia en tus Manos y est\u00e1n protegidos por las leyes de derechos de autor.<\/p>\n\n\n\n<p>El uso no autorizado de los materiales contenidos en este sitio puede dar lugar a acciones legales. Los usuarios pueden compartir los contenidos, siempre que se reconozca la autor\u00eda y se incluya un enlace a la fuente original.<\/p>\n\n\n\n<p>Para obtener permisos de uso, por favor, contacta a https:\/\/psicoterapiaentusmanos.com\/contact\/<\/p>","protected":false},"excerpt":{"rendered":"<p>La discapacidad es tan antigua como el cuerpo humano. En la antig\u00fcedad la fuerza f\u00edsica era fundamental para la vida [&hellip;]<\/p>\n","protected":false},"author":1,"featured_media":0,"comment_status":"open","ping_status":"open","sticky":false,"template":"","format":"standard","meta":{"om_disable_all_campaigns":false,"_uag_custom_page_level_css":"","_monsterinsights_skip_tracking":false,"_monsterinsights_sitenote_active":false,"_monsterinsights_sitenote_note":"","_monsterinsights_sitenote_category":0,"site-sidebar-layout":"default","site-content-layout":"","ast-site-content-layout":"default","site-content-style":"default","site-sidebar-style":"default","ast-global-header-display":"","ast-banner-title-visibility":"","ast-main-header-display":"","ast-hfb-above-header-display":"","ast-hfb-below-header-display":"","ast-hfb-mobile-header-display":"","site-post-title":"","ast-breadcrumbs-content":"","ast-featured-img":"","footer-sml-layout":"","ast-disable-related-posts":"","theme-transparent-header-meta":"","adv-header-id-meta":"","stick-header-meta":"","header-above-stick-meta":"","header-main-stick-meta":"","header-below-stick-meta":"","astra-migrate-meta-layouts":"default","ast-page-background-enabled":"default","ast-page-background-meta":{"desktop":{"background-color":"var(--ast-global-color-4)","background-image":"","background-repeat":"repeat","background-position":"center center","background-size":"auto","background-attachment":"scroll","background-type":"","background-media":"","overlay-type":"","overlay-color":"","overlay-opacity":"","overlay-gradient":""},"tablet":{"background-color":"","background-image":"","background-repeat":"repeat","background-position":"center center","background-size":"auto","background-attachment":"scroll","background-type":"","background-media":"","overlay-type":"","overlay-color":"","overlay-opacity":"","overlay-gradient":""},"mobile":{"background-color":"","background-image":"","background-repeat":"repeat","background-position":"center center","background-size":"auto","background-attachment":"scroll","background-type":"","background-media":"","overlay-type":"","overlay-color":"","overlay-opacity":"","overlay-gradient":""}},"ast-content-background-meta":{"desktop":{"background-color":"var(--ast-global-color-5)","background-image":"","background-repeat":"repeat","background-position":"center center","background-size":"auto","background-attachment":"scroll","background-type":"","background-media":"","overlay-type":"","overlay-color":"","overlay-opacity":"","overlay-gradient":""},"tablet":{"background-color":"var(--ast-global-color-5)","background-image":"","background-repeat":"repeat","background-position":"center center","background-size":"auto","background-attachment":"scroll","background-type":"","background-media":"","overlay-type":"","overlay-color":"","overlay-opacity":"","overlay-gradient":""},"mobile":{"background-color":"var(--ast-global-color-5)","background-image":"","background-repeat":"repeat","background-position":"center center","background-size":"auto","background-attachment":"scroll","background-type":"","background-media":"","overlay-type":"","overlay-color":"","overlay-opacity":"","overlay-gradient":""}},"advanced_seo_description":"","jetpack_seo_html_title":"","jetpack_seo_noindex":false,"_jetpack_memberships_contains_paid_content":false,"footnotes":""},"categories":[32,31,22],"tags":[43,51],"class_list":["post-887","post","type-post","status-publish","format-standard","hentry","category-discapacidad","category-paralisis","category-psicologia","tag-psicologia","tag-transformacion"],"jetpack_featured_media_url":"","uagb_featured_image_src":{"full":false,"thumbnail":false,"medium":false,"medium_large":false,"large":false,"1536x1536":false,"2048x2048":false,"trp-custom-language-flag":false,"masteriyo_single":false,"masteriyo_thumbnail":false,"masteriyo_medium":false,"hp_square_small":false,"hp_landscape_small":false,"hp_landscape_large":false,"bdpp-medium":false,"mailpoet_newsletter_max":false,"woocommerce_thumbnail":false,"woocommerce_single":false,"woocommerce_gallery_thumbnail":false},"uagb_author_info":{"display_name":"psicoterapiadm","author_link":"https:\/\/psicoterapiaentusmanos.com\/en\/author\/psicoterapiadm\/"},"uagb_comment_info":0,"uagb_excerpt":"La discapacidad es tan antigua como el cuerpo humano. En la antig\u00fcedad la fuerza f\u00edsica era fundamental para la vida [&hellip;]","featured_image_urls":{"full":"","thumbnail":"","medium":"","medium_large":"","large":"","1536x1536":"","2048x2048":"","trp-custom-language-flag":"","masteriyo_single":"","masteriyo_thumbnail":"","masteriyo_medium":"","hp_square_small":"","hp_landscape_small":"","hp_landscape_large":"","bdpp-medium":"","mailpoet_newsletter_max":"","woocommerce_thumbnail":"","woocommerce_single":"","woocommerce_gallery_thumbnail":""},"author_info":{"display_name":"psicoterapiadm","author_link":"https:\/\/psicoterapiaentusmanos.com\/en\/author\/psicoterapiadm\/"},"category_info":"<a href=\"https:\/\/psicoterapiaentusmanos.com\/en\/category\/discapacidad\/\" rel=\"category tag\">Discapacidad<\/a> <a href=\"https:\/\/psicoterapiaentusmanos.com\/en\/category\/paralisis\/\" rel=\"category tag\">paralisis<\/a> <a href=\"https:\/\/psicoterapiaentusmanos.com\/en\/category\/psicologia\/\" rel=\"category tag\">Psicolog\u00eda<\/a>","tag_info":"Psicolog\u00eda","comment_count":"0","jetpack_sharing_enabled":true,"_links":{"self":[{"href":"https:\/\/psicoterapiaentusmanos.com\/en\/wp-json\/wp\/v2\/posts\/887","targetHints":{"allow":["GET"]}}],"collection":[{"href":"https:\/\/psicoterapiaentusmanos.com\/en\/wp-json\/wp\/v2\/posts"}],"about":[{"href":"https:\/\/psicoterapiaentusmanos.com\/en\/wp-json\/wp\/v2\/types\/post"}],"author":[{"embeddable":true,"href":"https:\/\/psicoterapiaentusmanos.com\/en\/wp-json\/wp\/v2\/users\/1"}],"replies":[{"embeddable":true,"href":"https:\/\/psicoterapiaentusmanos.com\/en\/wp-json\/wp\/v2\/comments?post=887"}],"version-history":[{"count":2,"href":"https:\/\/psicoterapiaentusmanos.com\/en\/wp-json\/wp\/v2\/posts\/887\/revisions"}],"predecessor-version":[{"id":1242,"href":"https:\/\/psicoterapiaentusmanos.com\/en\/wp-json\/wp\/v2\/posts\/887\/revisions\/1242"}],"wp:attachment":[{"href":"https:\/\/psicoterapiaentusmanos.com\/en\/wp-json\/wp\/v2\/media?parent=887"}],"wp:term":[{"taxonomy":"category","embeddable":true,"href":"https:\/\/psicoterapiaentusmanos.com\/en\/wp-json\/wp\/v2\/categories?post=887"},{"taxonomy":"post_tag","embeddable":true,"href":"https:\/\/psicoterapiaentusmanos.com\/en\/wp-json\/wp\/v2\/tags?post=887"}],"curies":[{"name":"wp","href":"https:\/\/api.w.org\/{rel}","templated":true}]}}